{"id":181,"date":"2024-03-18T17:12:25","date_gmt":"2024-03-18T16:12:25","guid":{"rendered":"https:\/\/lamainalapatte38.com\/?p=181"},"modified":"2024-04-05T18:18:31","modified_gmt":"2024-04-05T16:18:31","slug":"a-venir-recreachiots","status":"publish","type":"post","link":"https:\/\/lamainalapatte38.com\/index.php\/2024\/03\/18\/a-venir-recreachiots\/","title":{"rendered":"A venir&#8230; R\u00e9cr\u00e9a&rsquo;chiots"},"content":{"rendered":"\n<p>S\u00e9ances r\u00e9cr\u00e9atives pour les chiots de 2 \u00e0 6 mois.<\/p>\n\n\n\n<p>Conditions requises : <\/p>\n\n\n\n<p>Chiots de 2 \u00e0 6 mois max, vaccins \u00e0 jour avec la toux du chenil obligatoire.<\/p>\n\n\n\n<p>Voir conditions et d\u00e9tails dans les prestations.<\/p>\n\n\n\n<p><\/p>\n\n\n\n<p> <\/p>\n\n\n\n<p><\/p>\n\n\n\n<figure class=\"wp-block-gallery has-nested-images columns-default is-cropped wp-block-gallery-1 is-layout-flex wp-block-gallery-is-layout-flex\"><div class=\"wp-block-image\">\n<figure class=\"aligncenter size-large\"><img loading=\"lazy\" decoding=\"async\" width=\"1024\" height=\"475\" data-id=\"118\" src=\"https:\/\/lamainalapatte38.com\/wp-content\/uploads\/2024\/01\/portrait-groupe-chiots-adorables-1024x475.jpg\" alt=\"\" class=\"wp-image-118\" srcset=\"https:\/\/lamainalapatte38.com\/wp-content\/uploads\/2024\/01\/portrait-groupe-chiots-adorables-1024x475.jpg 1024w, https:\/\/lamainalapatte38.com\/wp-content\/uploads\/2024\/01\/portrait-groupe-chiots-adorables-300x139.jpg 300w, https:\/\/lamainalapatte38.com\/wp-content\/uploads\/2024\/01\/portrait-groupe-chiots-adorables-768x356.jpg 768w, https:\/\/lamainalapatte38.com\/wp-content\/uploads\/2024\/01\/portrait-groupe-chiots-adorables-1536x712.jpg 1536w, https:\/\/lamainalapatte38.com\/wp-content\/uploads\/2024\/01\/portrait-groupe-chiots-adorables-2048x949.jpg 2048w, https:\/\/lamainalapatte38.com\/wp-content\/uploads\/2024\/01\/portrait-groupe-chiots-adorables-1568x727.jpg 1568w\" sizes=\"(max-width: 1024px) 100vw, 1024px\" \/><\/figure><\/div><\/figure>\n\n\n\n<figure class=\"wp-block-gallery has-nested-images columns-default is-cropped wp-block-gallery-2 is-layout-flex wp-block-gallery-is-layout-flex\">\n<figure class=\"wp-block-image size-large\"><img loading=\"lazy\" decoding=\"async\" width=\"1024\" height=\"577\" data-id=\"183\" src=\"https:\/\/lamainalapatte38.com\/wp-content\/uploads\/2024\/03\/433493749_122149025300076730_6422173540536679367_n-1024x577.jpg\" alt=\"\" class=\"wp-image-183\" srcset=\"https:\/\/lamainalapatte38.com\/wp-content\/uploads\/2024\/03\/433493749_122149025300076730_6422173540536679367_n-1024x577.jpg 1024w, https:\/\/lamainalapatte38.com\/wp-content\/uploads\/2024\/03\/433493749_122149025300076730_6422173540536679367_n-300x169.jpg 300w, https:\/\/lamainalapatte38.com\/wp-content\/uploads\/2024\/03\/433493749_122149025300076730_6422173540536679367_n-768x432.jpg 768w, https:\/\/lamainalapatte38.com\/wp-content\/uploads\/2024\/03\/433493749_122149025300076730_6422173540536679367_n-1536x865.jpg 1536w, https:\/\/lamainalapatte38.com\/wp-content\/uploads\/2024\/03\/433493749_122149025300076730_6422173540536679367_n-1568x883.jpg 1568w, https:\/\/lamainalapatte38.com\/wp-content\/uploads\/2024\/03\/433493749_122149025300076730_6422173540536679367_n.jpg 2048w\" sizes=\"(max-width: 1024px) 100vw, 1024px\" \/><\/figure>\n<\/figure>\n","protected":false},"excerpt":{"rendered":"<p>S\u00e9ances r\u00e9cr\u00e9atives pour les chiots de 2 \u00e0 6 mois. Conditions requises : Chiots de 2 \u00e0 6 mois max, vaccins \u00e0 jour avec la toux du chenil obligatoire. Voir conditions et d\u00e9tails dans les prestations.<\/p>\n","protected":false},"author":1,"featured_media":0,"comment_status":"open","ping_status":"open","sticky":false,"template":"","format":"standard","meta":{"footnotes":""},"categories":[1],"tags":[],"_links":{"self":[{"href":"https:\/\/lamainalapatte38.com\/index.php\/wp-json\/wp\/v2\/posts\/181"}],"collection":[{"href":"https:\/\/lamainalapatte38.com\/index.php\/wp-json\/wp\/v2\/posts"}],"about":[{"href":"https:\/\/lamainalapatte38.com\/index.php\/wp-json\/wp\/v2\/types\/post"}],"author":[{"embeddable":true,"href":"https:\/\/lamainalapatte38.com\/index.php\/wp-json\/wp\/v2\/users\/1"}],"replies":[{"embeddable":true,"href":"https:\/\/lamainalapatte38.com\/index.php\/wp-json\/wp\/v2\/comments?post=181"}],"version-history":[{"count":14,"href":"https:\/\/lamainalapatte38.com\/index.php\/wp-json\/wp\/v2\/posts\/181\/revisions"}],"predecessor-version":[{"id":225,"href":"https:\/\/lamainalapatte38.com\/index.php\/wp-json\/wp\/v2\/posts\/181\/revisions\/225"}],"wp:attachment":[{"href":"https:\/\/lamainalapatte38.com\/index.php\/wp-json\/wp\/v2\/media?parent=181"}],"wp:term":[{"taxonomy":"category","embeddable":true,"href":"https:\/\/lamainalapatte38.com\/index.php\/wp-json\/wp\/v2\/categories?post=181"},{"taxonomy":"post_tag","embeddable":true,"href":"https:\/\/lamainalapatte38.com\/index.php\/wp-json\/wp\/v2\/tags?post=181"}],"curies":[{"name":"wp","href":"https:\/\/api.w.org\/{rel}","templated":true}]}}